{"id":5792,"date":"2026-03-27T07:38:26","date_gmt":"2026-03-27T06:38:26","guid":{"rendered":"https:\/\/alegrialibertaria.org\/wp\/?p=5792"},"modified":"2026-03-27T07:38:27","modified_gmt":"2026-03-27T06:38:27","slug":"desinforme-mensual-de-marzo-de-2026","status":"publish","type":"post","link":"https:\/\/alegrialibertaria.org\/wp\/desinforme-mensual-de-marzo-de-2026\/","title":{"rendered":"Desinforme mensual de marzo de 2026"},"content":{"rendered":"\n<iframe src=\"https:\/\/www.ivoox.com\/player_ej_170869471_6_1.html?c1=433a14\" width=\"100%\" height=\"200\" frameborder=\"0\" allowfullscreen=\"\" scrolling=\"no\" loading=\"lazy\"><\/iframe>\n\n\n\n<div style=\"height:20px\" aria-hidden=\"true\" class=\"wp-block-spacer\"><\/div>\n\n\n\n<p>Este programa n\u00famero 267 del desinformativo de Radio Alegr\u00eda Libertaria ha sido preparado y montado en Aracena (Huelva).<\/p>\n\n\n\n<p>Telegram: <a rel=\"noreferrer noopener\" href=\"https:\/\/t.me\/alegrialibertaria\" target=\"_blank\">t.me\/alegrialibertaria<\/a><br>Mastodon: <a rel=\"noreferrer noopener\" href=\"https:\/\/mastodon.social\/@librealegria\" target=\"_blank\">https:\/\/mastodon.social\/@librealegria<\/a><br>Podkast: <a rel=\"noreferrer noopener\" href=\"https:\/\/red.podkasts.org\/c\/podkasts\/desinformativo-mensual\/\" target=\"_blank\">https:\/\/red.podkasts.org\/c\/podkasts\/desinformativo-mensual\/<\/a><br>Archive: <a rel=\"noreferrer noopener\" href=\"https:\/\/archive.org\/details\/@alegrialibertaria\" target=\"_blank\">https:\/\/archive.org\/details\/@alegrialibertaria<\/a><\/p>\n\n\n\n<div style=\"height:20px\" aria-hidden=\"true\" class=\"wp-block-spacer\"><\/div>\n\n\n<div class=\"wp-block-image\">\n<figure class=\"aligncenter\"><img decoding=\"async\" loading=\"lazy\" width=\"278\" height=\"361\" src=\"https:\/\/alegrialibertaria.org\/wp\/wp-content\/uploads\/2025\/01\/logo-desinforme-mensual.png\" alt=\"\" class=\"wp-image-5112\" srcset=\"https:\/\/alegrialibertaria.org\/wp\/wp-content\/uploads\/2025\/01\/logo-desinforme-mensual.png 278w, https:\/\/alegrialibertaria.org\/wp\/wp-content\/uploads\/2025\/01\/logo-desinforme-mensual-231x300.png 231w\" sizes=\"(max-width: 278px) 100vw, 278px\" \/><\/figure><\/div>\n\n\n<div style=\"height:20px\" aria-hidden=\"true\" class=\"wp-block-spacer\"><\/div>\n\n\n\n<p>Estas son las noticias que hemos seleccionado:<\/p>\n\n\n\n<p>[ALEMANIA] Ola masiva de represi\u00f3n contra el movimiento ecoanarquista &#8211; Agencia de Noticias Anarquistas <a rel=\"noreferrer noopener\" href=\"https:\/\/twitter.com\/noticiasana\" target=\"_blank\">@noticiasana<\/a> (tw) \/ <a rel=\"noreferrer noopener\" href=\"https:\/\/mastodon.social\/@ana@sunbeam.city\" target=\"_blank\">@ana@sunbeam.city<\/a> (mastodon)<br><a href=\"https:\/\/noticiasanarquistas.noblogs.org\/post\/2026\/03\/25\/alemanha-onda-massiva-de-repressao-contra-o-movimento-eco-anarquista\/\" target=\"_blank\" rel=\"noreferrer noopener\">https:\/\/noticiasanarquistas.noblogs.org\/post\/2026\/03\/25\/alemanha-onda-massiva-de-repressao-contra-o-movimento-eco-anarquista\/<\/a><a href=\"https:\/\/noticiasanarquistas.noblogs.org\/post\/2025\/09\/17\/alemanha-em-berlim-sabotagem-a-complexo-militar-causou-grande-apagao\/\" target=\"_blank\" rel=\"noreferrer noopener\"><br>https:\/\/noticiasanarquistas.noblogs.org\/post\/2025\/09\/17\/alemanha-em-berlim-sabotagem-a-complexo-militar-causou-grande-apagao\/<\/a><\/p>\n\n\n\n<p>[IR\u00c1N] A pesar de la guerra, los anarquistas iran\u00edes siguen resistiendo y organiz\u00e1ndose &#8211; <a rel=\"noreferrer noopener\" href=\"https:\/\/twitter.com\/portalanarkista\" target=\"_blank\">@portalanarkista<\/a> <br><a rel=\"noreferrer noopener\" href=\"https:\/\/colectivolibertarioevora.wordpress.com\/2026\/03\/10\/apesar-da-guerra-anarquistas-iranianos-continuamos-a-organizar-nos-e-a-resistir\/\" target=\"_blank\">https:\/\/colectivolibertarioevora.wordpress.com\/2026\/03\/10\/apesar-da-guerra-anarquistas-iranianos-continuamos-a-organizar-nos-e-a-resistir\/<\/a><a rel=\"noreferrer noopener\" href=\"https:\/\/freedomnews.org.uk\/2026\/03\/10\/iranian-anarchists-we-continue-to-organise-and-resist\/\" target=\"_blank\"><br>https:\/\/freedomnews.org.uk\/2026\/03\/10\/iranian-anarchists-we-continue-to-organise-and-resist\/<\/a><\/p>\n\n\n\n<p>[M\u00c9XICO] Ciudad Monstruo: sigue la lucha contra el Mundial de Futbol &#8211; <a href=\"https:\/\/twitter.com\/kehuelga\" target=\"_blank\" rel=\"noreferrer noopener\">@kehuelga<\/a><br><a href=\"https:\/\/kehuelga.net\/spip.php?article8227\" target=\"_blank\" rel=\"noreferrer noopener\">https:\/\/kehuelga.net\/spip.php?article8227<\/a><\/p>\n\n\n\n<p>[ESTADO ESPA\u00d1OL] Denuncian campa\u00f1a de la farmace\u00fatica sionista Teva para ampliar la venta de sus medicamentos en el Estado espa\u00f1ol &#8211; <a rel=\"noreferrer noopener\" href=\"https:\/\/x.com\/laotraandalucia\" target=\"_blank\">@laotraandalucia<\/a> (tw) \/ <a rel=\"noreferrer noopener\" href=\"https:\/\/mastodon.social\/@laotraandalucia\" target=\"_blank\">@laotraandalucia<\/a> (mastodon)<br><a href=\"https:\/\/laotraandalucia.com\/2026\/03\/23\/denuncian-campana-de-la-farmaceutica-sionista-teva-para-ampliar-la-venta-de-sus-medicamentos-en-el-estado-espanol\/\" target=\"_blank\" rel=\"noreferrer noopener\">https:\/\/laotraandalucia.com\/2026\/03\/23\/denuncian-campana-de-la-farmaceutica-sionista-teva-para-ampliar-la-venta-de-sus-medicamentos-en-el-estado-espanol\/<\/a><br><a href=\"https:\/\/tevanogracias.com\/materiales\" target=\"_blank\" rel=\"noreferrer noopener\">https:\/\/tevanogracias.com\/materiales<\/a><\/p>\n\n\n\n<p>[MUNDO GLOBAL] Hasta el 80 % de los granos y aceites de semillas comercializados a nivel mundial est\u00e1n controlados por solo 5 empresas &#8211; Grupo ETC en para <a rel=\"noreferrer noopener\" href=\"https:\/\/x.com\/radiotemblor\" target=\"_blank\">@radiotemblor<\/a> (tw)\/ <a rel=\"noreferrer noopener\" href=\"https:\/\/mastodon.social\/@radiotemblor\" target=\"_blank\">@radiotemblor<\/a> (mastodon) <br><a href=\"https:\/\/www.radiotemblor.org\/nueva-investigacion-hasta-el-80-de-los-granos-y-aceites-de-semillas-comercializados-a-nivel-mundial-estan-controlados-por-solo-5-empresas\/\" target=\"_blank\" rel=\"noreferrer noopener\">https:\/\/www.radiotemblor.org\/nueva-investigacion-hasta-el-80-de-los-granos-y-aceites-de-semillas-comercializados-a-nivel-mundial-estan-controlados-por-solo-5-empresas\/<\/a><a href=\"https:\/\/www.etcgroup.org\/es\/content\/codicia-y-oligopolios\" target=\"_blank\" rel=\"noreferrer noopener\"><br>https:\/\/www.etcgroup.org\/es\/content\/codicia-y-oligopolios<\/a><\/p>\n\n\n\n<p>[BADAJOZ] VI Campamento Libertario \u00abSemana sin santos. Contra el via crucis de servidumbre\u00bb, del 1 al 5 de abril &#8211; Agencia de Noticias Anarquistas <a rel=\"noreferrer noopener\" href=\"https:\/\/twitter.com\/noticiasana\" target=\"_blank\">@noticiasana<\/a> (tw) \/ <a rel=\"noreferrer noopener\" href=\"https:\/\/mastodon.social\/@ana@sunbeam.city\" target=\"_blank\">@ana@sunbeam.city<\/a> (mastodon)<br><a href=\"https:\/\/noticiasanarquistas.noblogs.org\/post\/2026\/03\/25\/espanha-vi-acampamento-libertario-1-a-5-de-abril\/\" target=\"_blank\" rel=\"noreferrer noopener\">https:\/\/noticiasanarquistas.noblogs.org\/post\/2026\/03\/25\/espanha-vi-acampamento-libertario-1-a-5-de-abril\/<\/a><br><a href=\"https:\/\/www.facebook.com\/LaAlgarrobaNegra\/\" target=\"_blank\" rel=\"noreferrer noopener\">https:\/\/www.facebook.com\/LaAlgarrobaNegra\/<\/a><\/p>\n\n\n\n<p>[ESTADO ESPA\u00d1OL] Ya en la calle el n\u00ba2 de Esporas, Revista Libertaria de Cr\u00edtica de Libros &#8211; <a href=\"https:\/\/twitter.com\/calumniaeditor\" target=\"_blank\" rel=\"noreferrer noopener\">@calumniaeditor<\/a><br><a href=\"https:\/\/calumnia.sumupstore.com\/search?search=esporas\" target=\"_blank\" rel=\"noreferrer noopener\">https:\/\/calumnia.sumupstore.com\/search?search=esporas<\/a><\/p>\n\n\n\n<div style=\"height:20px\" aria-hidden=\"true\" class=\"wp-block-spacer\"><\/div>\n\n\n\n<h3 class=\"wp-block-heading\">CR\u00c9DITOS<\/h3>\n\n\n\n<p>Sinton\u00eda: El peri\u00f3dico \u2013 Topo<\/p>\n\n\n\n<div style=\"height:20px\" aria-hidden=\"true\" class=\"wp-block-spacer\"><\/div>\n\n\n\n<p>M\u00fasica interbloques del desinformativo: Barbara Dane.<\/p>\n\n\n\n<p>Pod\u00e9is saber m\u00e1s sobre esta activista pol\u00edtica y cantante estadounidense de folk, blues y jazz, y escuchar su m\u00fasica, en La Alegre Corchea Libertaria: <a href=\"https:\/\/alegrialibertaria.org\/wp\/barbara-dane-odio-el-sistema-capitalista\">https:\/\/alegrialibertaria.org\/wp\/barbara-dane-odio-el-sistema-capitalista<\/a><\/p>\n\n\n\n<div style=\"height:20px\" aria-hidden=\"true\" class=\"wp-block-spacer\"><\/div>\n\n\n\n<p>Programa bajo licencia CC-by-sa-nc a excepci\u00f3n de la m\u00fasica. Uso educativo.<\/p>\n","protected":false},"excerpt":{"rendered":"<p>Este programa n\u00famero 267 del desinformativo de Radio Alegr\u00eda Libertaria ha sido preparado y montado en Aracena (Huelva). Telegram: t.me\/alegrialibertariaMastodon: https:\/\/mastodon.social\/@librealegriaPodkast: https:\/\/red.podkasts.org\/c\/podkasts\/desinformativo-mensual\/Archive: https:\/\/archive.org\/details\/@alegrialibertaria Estas son las noticias que hemos seleccionado: [ALEMANIA] Ola masiva de represi\u00f3n contra el movimiento ecoanarquista &#8211; Agencia de Noticias Anarquistas @noticiasana (tw) \/ @ana@sunbeam.city (mastodon)https:\/\/noticiasanarquistas.noblogs.org\/post\/2026\/03\/25\/alemanha-onda-massiva-de-repressao-contra-o-movimento-eco-anarquista\/https:\/\/noticiasanarquistas.noblogs.org\/post\/2025\/09\/17\/alemanha-em-berlim-sabotagem-a-complexo-militar-causou-grande-apagao\/ [IR\u00c1N] A pesar de la guerra, [&hellip;]<\/p>\n","protected":false},"author":1,"featured_media":0,"comment_status":"open","ping_status":"open","sticky":false,"template":"","format":"standard","meta":[],"categories":[14],"tags":[44,896,745,2117,2164,345],"_links":{"self":[{"href":"https:\/\/alegrialibertaria.org\/wp\/wp-json\/wp\/v2\/posts\/5792"}],"collection":[{"href":"https:\/\/alegrialibertaria.org\/wp\/wp-json\/wp\/v2\/posts"}],"about":[{"href":"https:\/\/alegrialibertaria.org\/wp\/wp-json\/wp\/v2\/types\/post"}],"author":[{"embeddable":true,"href":"https:\/\/alegrialibertaria.org\/wp\/wp-json\/wp\/v2\/users\/1"}],"replies":[{"embeddable":true,"href":"https:\/\/alegrialibertaria.org\/wp\/wp-json\/wp\/v2\/comments?post=5792"}],"version-history":[{"count":4,"href":"https:\/\/alegrialibertaria.org\/wp\/wp-json\/wp\/v2\/posts\/5792\/revisions"}],"predecessor-version":[{"id":5829,"href":"https:\/\/alegrialibertaria.org\/wp\/wp-json\/wp\/v2\/posts\/5792\/revisions\/5829"}],"wp:attachment":[{"href":"https:\/\/alegrialibertaria.org\/wp\/wp-json\/wp\/v2\/media?parent=5792"}],"wp:term":[{"taxonomy":"category","embeddable":true,"href":"https:\/\/alegrialibertaria.org\/wp\/wp-json\/wp\/v2\/categories?post=5792"},{"taxonomy":"post_tag","embeddable":true,"href":"https:\/\/alegrialibertaria.org\/wp\/wp-json\/wp\/v2\/tags?post=5792"}],"curies":[{"name":"wp","href":"https:\/\/api.w.org\/{rel}","templated":true}]}}