{"id":2341,"date":"2021-11-05T18:21:08","date_gmt":"2021-11-05T17:21:08","guid":{"rendered":"https:\/\/alegrialibertaria.org\/wp\/?p=2341"},"modified":"2026-02-20T18:02:02","modified_gmt":"2026-02-20T17:02:02","slug":"poesia","status":"publish","type":"post","link":"https:\/\/alegrialibertaria.org\/wp\/poesia\/","title":{"rendered":"Poes\u00eda"},"content":{"rendered":"\n<div style=\"height:20px\" aria-hidden=\"true\" class=\"wp-block-spacer\"><\/div>\n\n\n\n<p><a href=\"https:\/\/alegrialibertaria.org\/wp\/julia-de-burgos-la-poeta-que-no-se-llevo-casi-nada\/\">Julia de Burgos. La poeta que no se llev\u00f3 casi nada.<\/a><\/p>\n\n\n\n<p><a href=\"https:\/\/alegrialibertaria.org\/wp\/antonio-porchia-voces-aforismos-anarquistas\/\">Antonio Porchia. Voces: aforismos anarquistas<\/a><\/p>\n\n\n\n<p><a href=\"https:\/\/alegrialibertaria.org\/wp\/montserrat-abello\/\">Montserrat Abell\u00f3. La mujer que volvi\u00f3 del exilio con su verso sencillo.<\/a><\/p>\n\n\n\n<p><a href=\"https:\/\/alegrialibertaria.org\/wp\/jose-heredia-maya-gitano-granaino-y-poeta\/\">Jos\u00e9 Heredia Maya. Gitano, grana\u00edno y poeta.<\/a><\/p>\n\n\n\n<p><a href=\"https:\/\/alegrialibertaria.org\/wp\/azahara-palomeque-de-las-cenizas-del-exilio-a-la-esclavitud-del-empleo\/\">Azahara Palomeque. De las cenizas del exilio a la esclavitud del empleo.<\/a><\/p>\n\n\n\n<p><a href=\"https:\/\/alegrialibertaria.org\/wp\/en-los-tiempos-del-despido-libre-antonio-orihuela\/\" data-type=\"post\" data-id=\"5133\">En los tiempos del despido libre. Antonio Orihuela.<\/a><\/p>\n\n\n\n<p><a href=\"https:\/\/alegrialibertaria.org\/wp\/txoliko-la-poesia-anarquista-de-loturik-gabe\/\">Txoliko, la poes\u00eda anarquista de Loturik Gabe<\/a><\/p>\n\n\n\n<p><a href=\"https:\/\/alegrialibertaria.org\/wp\/bronislawa-wajs-papusza-la-perseguida-errante\/\">Bronis\u0142awa Wajs \u00abPapusza\u00bb. La perseguida errante.<\/a><\/p>\n\n\n\n<p><a href=\"https:\/\/alegrialibertaria.org\/wp\/ocho-poetas-singulares-al-cante-antonia-contreras-y-recita-adelfa-calvo\/\">Ocho poetas singulares. Al cante Antonia Contreras y recita Adelfa Calvo<\/a><\/p>\n\n\n\n<p><a href=\"https:\/\/alegrialibertaria.org\/wp\/alcira-soust-la-poeta-que-resistio\/\">Alcira Soust. La poeta que resisti\u00f3.<\/a><\/p>\n\n\n\n<p><a href=\"https:\/\/alegrialibertaria.org\/wp\/lucia-sanchez-saornil-rosa-negra-de-romances-nuevos\/\">Luc\u00eda S\u00e1nchez Saornil. Rosa negra de romances nuevos.<\/a><\/p>\n\n\n\n<p><a href=\"https:\/\/alegrialibertaria.org\/wp\/poesia-de-la-vida-cotidiana\/\">Poes\u00eda de la vida cotidiana. M\u00e1s de 100 programas de Alegr\u00eda Literaria.<\/a><\/p>\n\n\n\n<p><a href=\"https:\/\/alegrialibertaria.org\/wp\/matilde-ladron-de-guevara-poemas-entre-deseos-libertarios\/\">Matilde Ladr\u00f3n de Guevara. Poemas entre deseos libertarios.<\/a><\/p>\n\n\n\n<p><a href=\"https:\/\/alegrialibertaria.org\/wp\/biofilo-panclasta-y-el-anarquismo-colombiano\/\">Bi\u00f3filo Panclasta y el anarquismo colombiano<\/a><\/p>\n\n\n\n<p><a href=\"https:\/\/alegrialibertaria.org\/wp\/concha-mendez-la-poeta-del-mono-azul\/\">Concha M\u00e9ndez. La poeta del mono azul<\/a><\/p>\n\n\n\n<p><a href=\"https:\/\/alegrialibertaria.org\/wp\/percy-shelley-el-joven-poeta-libertario\/\">Percy Shelley, el joven poeta libertario<\/a><\/p>\n\n\n\n<p><a href=\"https:\/\/alegrialibertaria.org\/wp\/aurora-estrada-y-josefina-de-la-torre-dos-poetas-valientes\/\">Aurora Estrada y Josefina de la Torre. Dos poetas valientes.<\/a><\/p>\n\n\n\n<p><a href=\"https:\/\/alegrialibertaria.org\/wp\/la-lirica-anarco-queer-de-nestor-perlongher\/\">La l\u00edrica anarco-queer de N\u00e9stor Perlongher<\/a><\/p>\n\n\n\n<p><a href=\"https:\/\/alegrialibertaria.org\/wp\/urubu-el-poeta-anarquista\/\">Urub\u00fa, el poeta anarquista<\/a><\/p>\n\n\n\n<p><a href=\"https:\/\/alegrialibertaria.org\/wp\/natalia-en-el-columpio-de-estrellas\/\">Natalia. En el columpio de estrellas.<\/a><\/p>\n\n\n\n<p><a href=\"https:\/\/alegrialibertaria.org\/wp\/jose-domingo-gomez-rojas-de-la-rebelion-lirica-a-la-rebelion-fisica\/\">Jos\u00e9 Domingo G\u00f3mez Rojas; de la rebeli\u00f3n l\u00edrica a la rebeli\u00f3n f\u00edsica<\/a><\/p>\n\n\n\n<p><a href=\"https:\/\/alegrialibertaria.org\/wp\/enrique-gonzalez-rojo-deletreando-el-infinito\/\">Enrique Gonz\u00e1lez Rojo, deletreando el infinito<\/a><\/p>\n\n\n\n<p><a href=\"https:\/\/alegrialibertaria.org\/wp\/francisco-moreno-galvan-la-lucha-de-lo-jondo-por-la-libertad\/\">Francisco Moreno Galv\u00e1n. La lucha de \u00abLo Jondo\u00bb por la libertad<\/a><\/p>\n\n\n\n<p><a href=\"https:\/\/alegrialibertaria.org\/wp\/alaide-foppa-lenguaje-y-silencio-fuera-de-lo-cotidiano\/\">Ala\u00edde Foppa. Lenguaje y silencio fuera de lo cotidiano.<\/a><\/p>\n\n\n\n<p><a href=\"https:\/\/alegrialibertaria.org\/wp\/especial-poetas-y-poemas-anarquistas-parte-2\/\">Especial: poetas y poemas anarquistas PARTE 2<\/a><\/p>\n\n\n\n<p><a href=\"https:\/\/alegrialibertaria.org\/wp\/especial-poetas-y-poemas-anarquistas\/\">Especial: poetas y poemas anarquistas PARTE 1<\/a> <\/p>\n\n\n\n<p><a href=\"https:\/\/alegrialibertaria.org\/wp\/idea-vilarino-pobre-mundo\/\" data-type=\"post\" data-id=\"2988\">Idea Vilari\u00f1o. Pobre mundo.<\/a><\/p>\n\n\n\n<p><a href=\"https:\/\/alegrialibertaria.org\/wp\/circe-maia-y-beatriz-vallejos-el-canto-de-la-intensidad-de-lo-cotidiano\/\" data-type=\"post\" data-id=\"2689\">Circe Maia y Beatriz Vallejos, el canto de la intensidad de lo cotidiano<\/a><\/p>\n\n\n\n<p><a href=\"https:\/\/alegrialibertaria.org\/wp\/manuel-jose-castilla-el-gozante-de-ojos-terreos-y-sensibilidad-humana\/\" data-type=\"post\" data-id=\"2573\">Manuel Jos\u00e9 Castilla, el gozante de ojos t\u00e9rreos y sensibilidad humana<\/a><\/p>\n\n\n\n<p><a href=\"https:\/\/alegrialibertaria.org\/wp\/juan-l-ortiz-y-la-elegia-combatiente\/\" data-type=\"post\" data-id=\"2443\">Juan L. Ortiz y la eleg\u00eda combatiente<\/a><\/p>\n\n\n\n<p><a href=\"https:\/\/alegrialibertaria.org\/wp\/caterina-gogu-la-poeta-anarquista-de-las-calles-y-las-azoteas-griegas\/\">Caterina Gogu, la poeta anarquista de las calles y las azoteas griegas<\/a><\/p>\n\n\n\n<p><a href=\"https:\/\/alegrialibertaria.org\/wp\/miguel-hernandez-una-antologia-reveladora\/\">Miguel Hern\u00e1ndez, una antolog\u00eda reveladora<\/a><\/p>\n\n\n\n<p><a href=\"https:\/\/alegrialibertaria.org\/wp\/leon-felipe-el-peregrino-errante-reemision\/\" data-type=\"post\" data-id=\"2786\">Le\u00f3n Felipe, el peregrino errante<\/a><\/p>\n\n\n\n<p><a href=\"https:\/\/alegrialibertaria.org\/wp\/leon-felipe-un-verso-en-la-trinchera\/\">Le\u00f3n Felipe. Un verso en la trinchera.<\/a><\/p>\n\n\n\n<p><a href=\"https:\/\/alegrialibertaria.org\/wp\/jesus-lizano-mamifero-poeta-y-anarquista-reposicion\/\">Jes\u00fas Lizano: mamifero, poeta y anarquista<\/a><\/p>\n\n\n\n<p><a href=\"https:\/\/alegrialibertaria.org\/wp\/vladimir-maiakovski-el-poeta-que-no-conocio-el-futuro-reposicion\">Vladimir Maiakovski, el poeta que no conoci\u00f3 el futuro<\/a><\/p>\n\n\n\n<p><a href=\"https:\/\/alegrialibertaria.org\/wp\/poemas-de-nora-mendez-carpeta-a\/\">Poemas de Nora M\u00e9ndez (carpeta A)<\/a><\/p>\n\n\n\n<p><a href=\"https:\/\/alegrialibertaria.org\/wp\/poemas-de-nora-mendez-carpeta-b\/\">Poemas de Nora M\u00e9ndez (carpeta B)<\/a><\/p>\n\n\n\n<p><a href=\"https:\/\/alegrialibertaria.org\/wp\/nora-mendez-en-la-lucha-por-la-vida\/\">Nora M\u00e9ndez. En la lucha por la vida.<\/a><\/p>\n\n\n\n<p><a href=\"https:\/\/alegrialibertaria.org\/wp\/carmen-camacho-poemas-y-aforismos-reposicion\/\">Carmen Camacho: poemas y aforismos<\/a><\/p>\n\n\n\n<p><a href=\"https:\/\/alegrialibertaria.org\/wp\/federico-en-el-corazon-del-grupo-flamenco-ricardo-fernandez-del-moral\/\" data-type=\"post\" data-id=\"1891\">Federico en el coraz\u00f3n, del Grupo flamenco Ricardo Fern\u00e1ndez del Moral<\/a><\/p>\n\n\n\n<p><a href=\"https:\/\/alegrialibertaria.org\/wp\/antonio-orihuela-el-tiempo-de-las-alambradas-reposicion\/\" data-type=\"post\" data-id=\"3340\">Antonio Orihuela, \u00abEl tiempo de las alambradas\u00bb<\/a><\/p>\n\n\n\n<p><a href=\"https:\/\/alegrialibertaria.org\/wp\/mujeres-poetas-mexicanas\/\">Mujeres poetas m\u00e9xicanas<\/a><\/p>\n\n\n\n<p><a href=\"https:\/\/alegrialibertaria.org\/wp\/poemas-libertarios-de-richie-punk\/\">Poemas libertarios de Richie Punk<\/a><\/p>\n\n\n\n<p><a href=\"https:\/\/alegrialibertaria.org\/wp\/adolfo-sanchez-vazquez-poeta-filosofo-y-marxista\/\">Adolfo S\u00e1nchez V\u00e1zquez. Poeta, fil\u00f3sofo y marxista<\/a><\/p>\n","protected":false},"excerpt":{"rendered":"<p>Julia de Burgos. La poeta que no se llev\u00f3 casi nada. Antonio Porchia. Voces: aforismos anarquistas Montserrat Abell\u00f3. La mujer que volvi\u00f3 del exilio con su verso sencillo. Jos\u00e9 Heredia Maya. Gitano, grana\u00edno y poeta. Azahara Palomeque. De las cenizas del exilio a la esclavitud del empleo. En los tiempos del despido libre. Antonio Orihuela. [&hellip;]<\/p>\n","protected":false},"author":1,"featured_media":0,"comment_status":"open","ping_status":"open","sticky":false,"template":"","format":"standard","meta":[],"categories":[15],"tags":[129],"_links":{"self":[{"href":"https:\/\/alegrialibertaria.org\/wp\/wp-json\/wp\/v2\/posts\/2341"}],"collection":[{"href":"https:\/\/alegrialibertaria.org\/wp\/wp-json\/wp\/v2\/posts"}],"about":[{"href":"https:\/\/alegrialibertaria.org\/wp\/wp-json\/wp\/v2\/types\/post"}],"author":[{"embeddable":true,"href":"https:\/\/alegrialibertaria.org\/wp\/wp-json\/wp\/v2\/users\/1"}],"replies":[{"embeddable":true,"href":"https:\/\/alegrialibertaria.org\/wp\/wp-json\/wp\/v2\/comments?post=2341"}],"version-history":[{"count":39,"href":"https:\/\/alegrialibertaria.org\/wp\/wp-json\/wp\/v2\/posts\/2341\/revisions"}],"predecessor-version":[{"id":5783,"href":"https:\/\/alegrialibertaria.org\/wp\/wp-json\/wp\/v2\/posts\/2341\/revisions\/5783"}],"wp:attachment":[{"href":"https:\/\/alegrialibertaria.org\/wp\/wp-json\/wp\/v2\/media?parent=2341"}],"wp:term":[{"taxonomy":"category","embeddable":true,"href":"https:\/\/alegrialibertaria.org\/wp\/wp-json\/wp\/v2\/categories?post=2341"},{"taxonomy":"post_tag","embeddable":true,"href":"https:\/\/alegrialibertaria.org\/wp\/wp-json\/wp\/v2\/tags?post=2341"}],"curies":[{"name":"wp","href":"https:\/\/api.w.org\/{rel}","templated":true}]}}