{"id":100,"date":"2019-03-30T09:39:08","date_gmt":"2019-03-30T09:39:08","guid":{"rendered":"https:\/\/alegrialibertaria.org\/wp\/?p=100"},"modified":"2020-05-16T15:45:21","modified_gmt":"2020-05-16T15:45:21","slug":"miryam-quinones-cantora","status":"publish","type":"post","link":"https:\/\/alegrialibertaria.org\/wp\/miryam-quinones-cantora\/","title":{"rendered":"Miryam Qui\u00f1ones, cantora"},"content":{"rendered":"\n<\/ul>\n<div class=\"MsoNormal\" style=\"text-align: justify;\">\n<span lang=\"ES-TRAD\" style=\"font-family: &quot;calibri&quot; , &quot;sans-serif&quot;; mso-bidi-font-size: 12.0pt;\"><span style=\"mso-tab-count: 1;\"><\/span><\/span><\/div>\n<div class=\"MsoNormal\" style=\"tab-stops: 125.25pt; text-align: justify;\">\n<iframe allowfullscreen=\"\" frameborder=\"0\" height=\"200\" id=\"audio_33878061\" scrolling=\"no\" src=\"https:\/\/www.ivoox.com\/player_ej_33878061_4_1.html?c1=ff6600\" style=\"border: 1px solid #EEE; box-sizing: border-box; width: 100%;\"><\/iframe><br \/>\n<br \/><div class=\"MsoNormal\" style=\"text-align: justify;\">\n<span lang=\"ES-TRAD\" style=\"font-family: &quot;calibri&quot; , &quot;sans-serif&quot;; mso-bidi-font-size: 12.0pt;\">En este programa n\u00famero 15 de La Alegre Corchea Libertaria, de nuestra <a href=\"https:\/\/www.ivoox.com\/escuchar-radio-alegria-libertaria_nq_450479_1.html\" target=\"_blank\" rel=\"noopener noreferrer\">radio libre online Alegr\u00eda Libertaria<\/a>, celebramos el cumplea\u00f1os de Miryam Qui\u00f1ones, una de las\nm\u00e1s reconocidas y tenaces difusoras de la Canci\u00f3n de Autor Latinoamericana Contempor\u00e1nea.<\/span><\/div>\n<div class=\"MsoNormal\" style=\"text-align: justify;\">\n<br \/><\/div>\n<div class=\"MsoNormal\" style=\"text-align: justify;\">\n<span lang=\"ES-TRAD\" style=\"font-family: &quot;calibri&quot; , &quot;sans-serif&quot;; mso-bidi-font-size: 12.0pt;\">Miryam Qui\u00f1ones (28 de marzo, Lima, Per\u00fa) tiene una amplia trayectoria musical,\nhabiendo pasado por los talleres de arte de la Universidad de Lima, las aulas\ndel Conservatorio Nacional de M\u00fasica, el Instituto Kodaly y la Escuela de Artes Vocales\nde Santiago de Chile, entre otros.<span style=\"mso-spacerun: yes;\">&nbsp; <\/span><\/span><\/div>\n<div class=\"MsoNormal\" style=\"text-align: justify;\">\n<br \/><\/div>\n<div class=\"MsoNormal\" style=\"text-align: justify;\">\n<span lang=\"ES-TRAD\" style=\"font-family: &quot;calibri&quot; , &quot;sans-serif&quot;; mso-bidi-font-size: 12.0pt;\">Comunicadora\nsocial y ex integrante de diversas agrupaciones, desarrolla ahora una carrera solista,\nque la ha llevado a cantar en muchos pa\u00edses del mundo.<\/span><\/div>\n<div class=\"MsoNormal\" style=\"text-align: justify;\">\n<br \/><\/div>\n<div class=\"MsoNormal\" style=\"text-align: justify;\">\n<span lang=\"ES-TRAD\" style=\"font-family: &quot;calibri&quot; , &quot;sans-serif&quot;; mso-bidi-font-size: 12.0pt;\">Ha compartido\nescenario con los m\u00e1s reconocidos cantautores, entre otros con <b style=\"mso-bidi-font-weight: normal;\">Silvio Rodr\u00edguez<\/b>, Vicente Feli\u00fa, Augusto\nBlanca, Teresa Parodi, Jorge Fandermole y Alberto Rojo.<\/span><\/div>\n<div class=\"MsoNormal\" style=\"text-align: justify;\">\n<br \/><\/div>\n<div class=\"MsoNormal\" style=\"text-align: justify;\">\n<span lang=\"ES-TRAD\" style=\"font-family: &quot;calibri&quot; , &quot;sans-serif&quot;; mso-bidi-font-size: 12.0pt;\">Result\u00f3\npremiada en 2015 con el <b style=\"mso-bidi-font-weight: normal;\">Fondo\nIberm\u00fasicas<\/b> y en 2<\/span><span lang=\"ES-TRAD\" style=\"font-family: &quot;calibri&quot; , &quot;sans-serif&quot;; mso-bidi-font-family: &quot;Times New Roman&quot;; mso-bidi-font-size: 12.0pt;\">016 <\/span><span lang=\"ES-TRAD\" style=\"font-family: &quot;calibri&quot; , &quot;sans-serif&quot;; mso-bidi-font-size: 12.0pt;\">por\nel&nbsp;<b style=\"mso-bidi-font-weight: normal;\">Fondo Argentino de Desarrollo\nCultural<\/b>.<\/span><br \/>\n<br \/><div class=\"separator\" style=\"clear: both; text-align: center;\">\n<a href=\"https:\/\/2.bp.blogspot.com\/-hWB5QuOjUDA\/XJ_bk05eU4I\/AAAAAAAAHbA\/-BTjfAQRJo4mH7laVQN0ofnIaQk_ZcFBwCLcBGAs\/s1600\/miryam-quinones.jpg\" imageanchor=\"1\" style=\"margin-left: 1em; margin-right: 1em;\"><img decoding=\"async\" loading=\"lazy\" border=\"0\" data-original-height=\"245\" data-original-width=\"510\" height=\"191\" src=\"https:\/\/2.bp.blogspot.com\/-hWB5QuOjUDA\/XJ_bk05eU4I\/AAAAAAAAHbA\/-BTjfAQRJo4mH7laVQN0ofnIaQk_ZcFBwCLcBGAs\/s400\/miryam-quinones.jpg\" width=\"400\" \/><\/a><\/div>\n<\/div>\n<div class=\"MsoNormal\" style=\"text-align: justify;\">\n<\/div>\n<div class=\"MsoNormal\" style=\"text-align: justify;\">\n<span lang=\"ES-TRAD\" style=\"font-family: &quot;calibri&quot; , &quot;sans-serif&quot;; mso-bidi-font-size: 12.0pt;\"><br \/>En 2017, fue\ndistinguida con una Estatuilla a su <b style=\"mso-bidi-font-weight: normal;\">\u2018Excelente\nLabor Cultural\u2019<\/b>, otorgada por el Congreso de la Naci\u00f3n, en Lima &#8211; Per\u00fa.<\/span><\/div>\n<div class=\"MsoNormal\" style=\"text-align: justify;\">\n<br \/><\/div>\n<div class=\"MsoNormal\" style=\"text-align: justify;\">\n<span lang=\"ES-TRAD\" style=\"font-family: &quot;calibri&quot; , &quot;sans-serif&quot;; mso-bidi-font-size: 12.0pt;\">Actualmente\nse encuentra desarrollando un proyecto homenaje a la Canci\u00f3n de Autor Peruana\nContempor\u00e1nea.<span style=\"mso-tab-count: 1;\">&nbsp;<\/span><\/span><\/div>\n<div class=\"MsoNormal\" style=\"text-align: justify;\">\n<br \/><\/div>\n<div class=\"MsoNormal\" style=\"mso-outline-level: 1;\">\n<span lang=\"ES-PE\" style=\"font-family: &quot;calibri light&quot; , &quot;sans-serif&quot;; mso-ansi-language: ES-PE; mso-bidi-font-family: &quot;Times New Roman&quot;;\">La propia Miryam Qui\u00f1ones nos env\u00eda esta selecci\u00f3n de\nsu discograf\u00eda para el programa, una canci\u00f3n de cada, de casi todos sus discos. Estas son las\ncanciones que vamos a escuchar y que ten\u00e9is, como siempre, en la ficha del\nprograma: <\/span><\/div>\n<ul>\n<li><span lang=\"ES-PE\" style=\"font-family: &quot;wingdings&quot;; font-size: 13.0pt;\"><span style=\"mso-list: Ignore;\"><span style=\"font: 7.0pt &quot;Times New Roman&quot;;\"><\/span><\/span><\/span><span lang=\"ES-PE\" style=\"font-family: &quot;calibri light&quot; , &quot;sans-serif&quot;; mso-ansi-language: ES-PE; mso-bidi-font-family: &quot;Times New Roman&quot;;\">Eva &#8211;<b style=\"mso-bidi-font-weight: normal;\"> LOCURAS, Miryam\n Qui\u00f1ones canta a Silvio<\/b> (Per\u00fa, 2001)<\/span><\/li>\n<li><span lang=\"ES-PE\" style=\"font-family: &quot;wingdings&quot;; font-size: 13.0pt;\"><span style=\"mso-list: Ignore;\"><span style=\"font: 7.0pt &quot;Times New Roman&quot;;\"><\/span><\/span><\/span><span lang=\"ES-PE\" style=\"font-family: &quot;calibri light&quot; , &quot;sans-serif&quot;; mso-ansi-language: ES-PE; mso-bidi-font-family: &quot;Times New Roman&quot;;\">El hombre extra\u00f1o &#8211;<b style=\"mso-bidi-font-weight: normal;\"> Miryam Qui\u00f1ones en Vivo I<\/b> (Per\u00fa, 2002)<\/span><\/li>\n<li><span lang=\"ES-PE\" style=\"font-family: &quot;wingdings&quot;; font-size: 13.0pt;\"><span style=\"mso-list: Ignore;\"><span style=\"font: 7.0pt &quot;Times New Roman&quot;;\"><\/span><\/span><\/span><span lang=\"ES-PE\" style=\"font-family: &quot;calibri light&quot; , &quot;sans-serif&quot;; mso-ansi-language: ES-PE; mso-bidi-font-family: &quot;Times New Roman&quot;;\">Greta &#8211;<b style=\"mso-bidi-font-weight: normal;\"> Miryam Qui\u00f1ones en Vivo II<\/b> (Per\u00fa, 2004)<\/span><\/li>\n<li><span lang=\"ES-PE\" style=\"font-family: &quot;wingdings&quot;; font-size: 13.0pt;\"><span style=\"mso-list: Ignore;\"><span style=\"font: 7.0pt &quot;Times New Roman&quot;;\"><\/span><\/span><\/span><span lang=\"ES-PE\" style=\"font-family: &quot;calibri light&quot; , &quot;sans-serif&quot;; mso-ansi-language: ES-PE; mso-bidi-font-family: &quot;Times New Roman&quot;;\">El surco &#8211; <b style=\"mso-bidi-font-weight: normal;\">\u2018Eternamente, Chabuca..\u2019<\/b> (Argentina, 2012)<\/span><\/li>\n<li><span lang=\"ES-PE\" style=\"font-family: &quot;wingdings&quot;; font-size: 13.0pt;\"><span style=\"mso-list: Ignore;\"><span style=\"font: 7.0pt &quot;Times New Roman&quot;;\"><\/span><\/span><\/span><span lang=\"ES-PE\" style=\"font-family: &quot;calibri light&quot; , &quot;sans-serif&quot;; mso-ansi-language: ES-PE; mso-bidi-font-family: &quot;Times New Roman&quot;;\">Las flores buenas de Javier (duo con\nVicente Feli\u00fa) &#8211; <b style=\"mso-bidi-font-weight: normal;\">\u2018Las flores buenas de\nJavier\u2019<\/b> <span style=\"mso-spacerun: yes;\">&nbsp;<\/span>Homenaje a Javier Heraud<span style=\"mso-spacerun: yes;\">&nbsp; <\/span>(Cuba, 2015)<\/span><\/li>\n<li><span lang=\"ES-PE\" style=\"font-family: &quot;wingdings&quot;; font-size: 13.0pt;\"><span style=\"mso-list: Ignore;\"><span style=\"font: 7.0pt &quot;Times New Roman&quot;;\"><\/span><\/span><\/span><span lang=\"ES-PE\" style=\"font-family: &quot;calibri light&quot; , &quot;sans-serif&quot;; mso-ansi-language: ES-PE; mso-bidi-font-family: &quot;Times New Roman&quot;;\">El necio (duo con Silvio Rodr\u00edguez)\n&#8211; <b style=\"mso-bidi-font-weight: normal;\"><span style=\"mso-spacerun: yes;\">&nbsp;<\/span>\u2018Con el Alma en Vilo\u2019<\/b> (Argentina, 2013)<\/span><span lang=\"ES-PE\" style=\"font-family: &quot;calibri light&quot; , &quot;sans-serif&quot;; font-size: 10.0pt;\"><\/span><span lang=\"ES-PE\" style=\"font-family: &quot;calibri light&quot; , &quot;sans-serif&quot;; font-size: 10.0pt;\"><span style=\"mso-spacerun: yes;\"> <\/span>* <\/span><span lang=\"ES-PE\" style=\"font-family: &quot;calibri light&quot; , &quot;sans-serif&quot;; font-size: 11.0pt;\">Con la participaci\u00f3n especial de Silvio Rodr\u00edguez,\nVicente Feli\u00fa, Augusto Blanca, Teresa Parodi, Alberto Rojo y Jorge Fandermole.<\/span><\/li>\n<li><span lang=\"ES-PE\" style=\"font-family: &quot;wingdings&quot;; font-size: 13.0pt;\"><span style=\"mso-list: Ignore;\"><span style=\"font: 7.0pt &quot;Times New Roman&quot;;\"><\/span><\/span><\/span><span lang=\"ES-PE\" style=\"font-family: &quot;calibri light&quot; , &quot;sans-serif&quot;; mso-ansi-language: ES-PE; mso-bidi-font-family: &quot;Times New Roman&quot;;\">Amapola &#8211; <b style=\"mso-bidi-font-weight: normal;\"><span style=\"mso-spacerun: yes;\">&nbsp;<\/span>\u2018de Amor y Trova..\u2019<\/b>\n(Argentina, 2013)<\/span><\/li>\n\n<br \/>\nPara saber m\u00e1s sobre Miryam Qui\u00f1ones:<br \/>\n<a href=\"https:\/\/www.miryamquinones.com\/\" target=\"_blank\" rel=\"noopener noreferrer\">https:\/\/www.miryamquinones.com\/<\/a><br \/>\n<a href=\"https:\/\/es-es.facebook.com\/MiryamQuinonesOficial\/\" target=\"_blank\" rel=\"noopener noreferrer\">https:\/\/es-es.facebook.com\/MiryamQuinonesOficial\/<\/a><br \/>\n<a href=\"https:\/\/twitter.com\/MiryamQuinones\" target=\"_blank\" rel=\"noopener noreferrer\">https:\/\/twitter.com\/MiryamQuinones<\/a> <br \/>\n<br \/><\/div>\n<div class=\"MsoNormal\" style=\"mso-outline-level: 1;\">\n<b style=\"mso-bidi-font-weight: normal;\"><u><span lang=\"ES-TRAD\" style=\"font-family: &quot;calibri light&quot; , &quot;sans-serif&quot;; mso-bidi-font-family: &quot;Times New Roman&quot;; mso-bidi-font-size: 12.0pt;\">COMENTARIOS\nSOBRE MIRYAM\u2026<\/span><\/u><\/b><\/div>\n<div class=\"MsoNormal\" style=\"background: white; text-align: justify;\">\n<span lang=\"ES-TRAD\" style=\"font-family: &quot;calibri light&quot; , &quot;sans-serif&quot;; font-size: 8.0pt;\">&nbsp;&nbsp;<\/span><\/div>\n<div class=\"MsoNormal\" style=\"background: white; text-align: justify;\">\n<span lang=\"ES-TRAD\" style=\"font-family: &quot;calibri light&quot; , &quot;sans-serif&quot;; mso-bidi-font-family: &quot;Times New Roman&quot;; mso-bidi-font-size: 12.0pt;\">\u201cLa magn\u00edfica voz, rotunda y rica en\nregistros, de la trovadora peruana, una de las m\u00e1s relevantes de Iberoam\u00e9rica,\ninund\u00f3 la plaza. Acompa\u00f1ada de su guitarra y, en algunas canciones, de Juli\u00e1n\nCerasuolo en el caj\u00f3n peruano, nos llev\u00f3 prendidos de su maestr\u00eda.\u201d<\/span><\/div>\n<div class=\"MsoNormal\" style=\"background: white; text-align: justify;\">\n<b style=\"mso-bidi-font-weight: normal;\"><span lang=\"ES-TRAD\" style=\"font-family: &quot;calibri light&quot; , &quot;sans-serif&quot;; mso-bidi-font-family: &quot;Times New Roman&quot;; mso-bidi-font-size: 12.0pt;\">Pedro\nLeopoldo Alc\u00e1ntara &#8211;&nbsp;Festival &#8216;Abril para Vivir&#8217; (Granada, Espa\u00f1a)<\/span><\/b><\/div>\n<div class=\"MsoNormal\" style=\"background: white; text-align: justify;\">\n<br \/><\/div>\n<div style=\"background: white; margin-bottom: .0001pt; margin: 0cm; text-align: justify;\">\n<span lang=\"ES-TRAD\" style=\"font-family: &quot;calibri light&quot; , &quot;sans-serif&quot;; mso-ansi-language: ES-TRAD; mso-bidi-font-family: &quot;Times New Roman&quot;;\">\u201cTiene el aroma que trae el rumor\ndel r\u00edo y el misterio de la noche. Tiene el sabor de la tierra de toda\nLatinoam\u00e9rica, sin perder sus lazos con el Per\u00fa que la vio nacer y crecer, y\ncon la m\u00fasica popular argentina que la alberg\u00f3. <\/span><\/div>\n<div style=\"background: white; margin-bottom: .0001pt; margin: 0cm; text-align: justify;\">\n<b style=\"mso-bidi-font-weight: normal;\"><span lang=\"ES-TRAD\" style=\"font-family: &quot;calibri light&quot; , &quot;sans-serif&quot;; mso-ansi-language: ES-TRAD; mso-bidi-font-family: &quot;Times New Roman&quot;;\">H\u00e9ctor\nS\u00e1nchez &#8211; Radio Gr\u00e1fica y Agencia T\u00e9lam (Argentina)<\/span><\/b><\/div>\n<div style=\"background: white; margin-bottom: .0001pt; margin: 0cm; text-align: justify;\">\n<br \/><\/div>\n<div style=\"background: white; margin-bottom: .0001pt; margin: 0cm; text-align: justify;\">\n<span lang=\"ES-TRAD\" style=\"font-family: &quot;calibri light&quot; , &quot;sans-serif&quot;; mso-ansi-language: ES-TRAD; mso-bidi-font-family: &quot;Times New Roman&quot;;\">\u201cHaciendo honor a su condici\u00f3n de\nint\u00e9rprete, Miryam rinde culto al canto. Desde la primera frase del disco a la\n\u00faltima, el \u00e1lbum est\u00e1 atravesado por el deleite de una voz y una\ninstrumentaci\u00f3n inusuales.\u201d<\/span><\/div>\n<div style=\"background: white; margin-bottom: .0001pt; margin: 0cm; text-align: justify;\">\n<b style=\"mso-bidi-font-weight: normal;\"><span lang=\"ES-TRAD\" style=\"font-family: &quot;calibri light&quot; , &quot;sans-serif&quot;; mso-ansi-language: ES-TRAD; mso-bidi-font-family: &quot;Times New Roman&quot;;\">Daniel Hofer\n&#8211; Revista Hecho en Bs.As. (Argentina)&nbsp;&nbsp;<\/span><\/b><span style=\"font-family: &quot;calibri light&quot; , &quot;sans-serif&quot;; mso-bidi-font-family: &quot;Times New Roman&quot;;\"><\/span><\/div>\n<div style=\"margin-bottom: .0001pt; margin: 0cm; mso-outline-level: 1; text-align: justify;\">\n<br \/><\/div>\n<div class=\"MsoNormal\" style=\"text-align: justify;\">\n<b style=\"mso-bidi-font-weight: normal;\"><span lang=\"ES-TRAD\" style=\"font-family: &quot;calibri light&quot; , &quot;sans-serif&quot;; font-size: 8.0pt;\"><\/span><\/b><span lang=\"ES-TRAD\" style=\"font-family: &quot;calibri light&quot; , &quot;sans-serif&quot;; mso-bidi-font-family: &quot;Times New Roman&quot;; mso-bidi-font-size: 12.0pt;\">\u201cSi no recuerdo mal, lo primero que\nescuch\u00e9 de Miryam\n Qui\u00f1ones fue un hermoso disco sobre canciones de Silvio\nRodr\u00edguez, con un modo muy personal&#8230; tuve entonces la impresi\u00f3n de una voz\nhermosa y un trabajo que reflejaba una manera de ver y asumir la canci\u00f3n, que\nno es m\u00e1s que una filosof\u00eda de vida&#8230; y fuimos compartiendo escenarios y\nencuentros en varios lugares (Barcelona, Lima, La Habana\u2026). Ya para esas alturas sin duda\nestaba ante una persona de pensamiento claro y comprometida con una est\u00e9tica de\nlucha y de belleza&#8230;\u201d <\/span><\/div>\n<div class=\"MsoNormal\" style=\"text-align: justify;\">\n<b style=\"mso-bidi-font-weight: normal;\"><span lang=\"ES-TRAD\" style=\"font-family: &quot;calibri light&quot; , &quot;sans-serif&quot;; mso-bidi-font-family: &quot;Times New Roman&quot;; mso-bidi-font-size: 12.0pt;\">Vicente Feli\u00fa<span style=\"mso-spacerun: yes;\">&nbsp; <\/span>(Fundador del Movimiento de la Nueva Trova Cubana)<\/span><\/b><\/div>\n<\/div>\n\n","protected":false},"excerpt":{"rendered":"<p>En este programa n\u00famero 15 de La Alegre Corchea Libertaria, de nuestra radio libre online Alegr\u00eda Libertaria, celebramos el cumplea\u00f1os de Miryam Qui\u00f1ones, una de las m\u00e1s reconocidas y tenaces difusoras de la Canci\u00f3n de Autor Latinoamericana Contempor\u00e1nea. Miryam Qui\u00f1ones (28 de marzo, Lima, Per\u00fa) tiene una amplia trayectoria musical, habiendo pasado por los talleres [&hellip;]<\/p>\n","protected":false},"author":1,"featured_media":0,"comment_status":"open","ping_status":"open","sticky":false,"template":"","format":"standard","meta":[],"categories":[18,13],"tags":[86,61,3,123,124,72],"_links":{"self":[{"href":"https:\/\/alegrialibertaria.org\/wp\/wp-json\/wp\/v2\/posts\/100"}],"collection":[{"href":"https:\/\/alegrialibertaria.org\/wp\/wp-json\/wp\/v2\/posts"}],"about":[{"href":"https:\/\/alegrialibertaria.org\/wp\/wp-json\/wp\/v2\/types\/post"}],"author":[{"embeddable":true,"href":"https:\/\/alegrialibertaria.org\/wp\/wp-json\/wp\/v2\/users\/1"}],"replies":[{"embeddable":true,"href":"https:\/\/alegrialibertaria.org\/wp\/wp-json\/wp\/v2\/comments?post=100"}],"version-history":[{"count":1,"href":"https:\/\/alegrialibertaria.org\/wp\/wp-json\/wp\/v2\/posts\/100\/revisions"}],"predecessor-version":[{"id":101,"href":"https:\/\/alegrialibertaria.org\/wp\/wp-json\/wp\/v2\/posts\/100\/revisions\/101"}],"wp:attachment":[{"href":"https:\/\/alegrialibertaria.org\/wp\/wp-json\/wp\/v2\/media?parent=100"}],"wp:term":[{"taxonomy":"category","embeddable":true,"href":"https:\/\/alegrialibertaria.org\/wp\/wp-json\/wp\/v2\/categories?post=100"},{"taxonomy":"post_tag","embeddable":true,"href":"https:\/\/alegrialibertaria.org\/wp\/wp-json\/wp\/v2\/tags?post=100"}],"curies":[{"name":"wp","href":"https:\/\/api.w.org\/{rel}","templated":true}]}}